{"id":600,"date":"2021-06-17T18:16:21","date_gmt":"2021-06-17T21:16:21","guid":{"rendered":"https:\/\/atualdespachos.com.br\/?p=600"},"modified":"2021-06-17T18:16:21","modified_gmt":"2021-06-17T21:16:21","slug":"brasil-e-argentina-conferem-prioridade-total-a-recuperacao-da-corrente-de-comercio-bilateral","status":"publish","type":"post","link":"https:\/\/beekits.com.br\/atual\/brasil-e-argentina-conferem-prioridade-total-a-recuperacao-da-corrente-de-comercio-bilateral\/","title":{"rendered":"Brasil e Argentina conferem prioridade total \u00e0 recupera\u00e7\u00e3o da corrente de com\u00e9rcio bilateral"},"content":{"rendered":"<p>Bras\u00edlia \u2013 Recuperar o fluxo do com\u00e9rcio bilateral deve ser a prioridade do Brasil e da Argentina, revertendo a forte queda que fez com que de 211 a 2020 a corrente de com\u00e9rcio (exporta\u00e7\u00f5es+importa\u00e7\u00f5es) entre os dois pa\u00edses ca\u00edsse de cerca de US$ 40 bilh\u00f5es para US$ 16 bilh\u00f5es.<\/p>\n<p>O embaixador brasileiro na Argentina, Reinaldo Jos\u00e9 de Almeida Salgado, disse que o crescimento dos pa\u00edses passa, necessariamente, pelo desenvolvimento do setor produtivo. Ele ressaltou que a pauta do com\u00e9rcio bilateral \u00e9 qualificada, composta sobretudo por bens industrializados.<\/p>\n<p>No entanto, de 2011 a 2020 o com\u00e9rcio entre os dois pa\u00edses caiu de cerca de US$ 40 bilh\u00f5es para R$ 16 bilh\u00f5es.<\/p>\n<p>\u201cPrecisamos trabalhar para reverter essa tend\u00eancia. Seguimos empenhados para resolver os problemas de restri\u00e7\u00f5es da pandemia, mas tamb\u00e9m precisamos de solu\u00e7\u00f5es sist\u00eamicas que garantam previsibilidade e seguran\u00e7a jur\u00eddica ao com\u00e9rcio bilateral\u201d, afirmou o embaixador.<\/p>\n<p>Por sua vez, o embaixador argentino no Brasil, Daniel Scioli, por sua vez, afirmou que uma das prioridades da argentina \u00e9 recuperar o com\u00e9rcio com o Brasil, seu principal parceiro na regi\u00e3o. \u201cVamos fazer o com\u00e9rcio crescer, nos modernizar e estamos abertos a negociar novos acordos que tragam benef\u00edcios para ambos os pa\u00edses\u201d, disse.<\/p>\n<p>A CNI e a UIA divulgaram nesta quinta-feira (10) uma declara\u00e7\u00e3o conjunta na qual apresentam as a\u00e7\u00f5es priorit\u00e1rias para o segundo semestre deste ano com o objetivo de impulsionar o com\u00e9rcio bilateral e aprofundar a integra\u00e7\u00e3o do Mercosul.<\/p>\n<p>O documento foi divulgado em reuni\u00e3o virtual do Conselho Empresarial Brasil-Argentina (Cembrar). As propostas s\u00e3o organizadas em prioridades na rela\u00e7\u00e3o Brasil-Argentina e para o Mercosul. No primeiro, os temas s\u00e3o facilita\u00e7\u00e3o de com\u00e9rcio; coopera\u00e7\u00e3o regulat\u00f3ria; e documentos eletr\u00f4nicos para processos de com\u00e9rcio exterior. No segundo, discuss\u00f5es sobre Tarifa Externa Comum (TEC); negocia\u00e7\u00f5es extrarregionais; e internaliza\u00e7\u00e3o de acordos pendentes e revis\u00f5es de acordos do Mercosul.<\/p>\n<p>O presidente da se\u00e7\u00e3o brasileira do Cembrar, Mauro Bellini, defendeu pragmatismo na agenda bilateral para que Brasil e Argentina saiam da crise desencadeada pela pandemia de Covid-19. Ele ressaltou que, al\u00e9m da crise sanit\u00e1ria, os dois pa\u00edses enfrentam obst\u00e1culos hist\u00f3ricos que resultam em perda de competitividade. Ele destacou que, entre 18 pa\u00edses, Brasil e Argentina posicionam-se nas \u00faltimas posi\u00e7\u00f5es em ranking de competitividade elaborado pela CNI.<\/p>\n<p>O presidente da se\u00e7\u00e3o argentina do Cembrar, Lus Tendlarz, tamb\u00e9m destacou que os dois pa\u00edses precisam desenvolver a\u00e7\u00f5es para tornarem suas economias cada vez mais competitivas. Segundo ele, \u201ccom a declara\u00e7\u00e3o conjunta, queremos contribuir para que as ind\u00fastrias dos dois pa\u00edses saiam maiores e melhores dessa crise\u201d.<\/p>\n<p>Nesse sentido, ressaltou Luiz Tendlarz, \u201co debate sobre a redu\u00e7\u00e3o da Tarifa Externa Comum (TEC) do Mercosul n\u00e3o \u00e9 oportuno nem necess\u00e1rio, uma vez que o contexto \u00e9 de crise e n\u00e3o se sabe que benef\u00edcios essa medida trar\u00e1 aos pa\u00edses do bloco\u201d.<\/p>\n<p><a href=\"https:\/\/atualdespachos.com.br\/wp-content\/uploads\/2021\/06\/cembrar_-_declaracao_conjunta_brasil-argentina_2021.pdf\">cembrar_-_declaracao_conjunta_brasil-argentina_2021<\/a><\/p>\n<p><em>(*) Com informa\u00e7\u00f5es da CNI<\/em><\/p>\n","protected":false},"excerpt":{"rendered":"<p>Bras\u00edlia \u2013 Recuperar o fluxo do com\u00e9rcio bilateral deve ser a prioridade do Brasil e da Argentina, revertendo a forte queda que fez com que de 211 a 2020 a corrente de com\u00e9rcio (exporta\u00e7\u00f5es+importa\u00e7\u00f5es) entre os dois pa\u00edses ca\u00edsse de cerca de US$ 40 bilh\u00f5es para US$ 16 bilh\u00f5es. O embaixador brasileiro na Argentina, Reinaldo [&hellip;]<\/p>\n","protected":false},"author":1,"featured_media":602,"comment_status":"open","ping_status":"open","sticky":false,"template":"","format":"standard","meta":{"footnotes":""},"categories":[5],"tags":[],"acf":[],"_links":{"self":[{"href":"https:\/\/beekits.com.br\/atual\/wp-json\/wp\/v2\/posts\/600"}],"collection":[{"href":"https:\/\/beekits.com.br\/atual\/wp-json\/wp\/v2\/posts"}],"about":[{"href":"https:\/\/beekits.com.br\/atual\/wp-json\/wp\/v2\/types\/post"}],"author":[{"embeddable":true,"href":"https:\/\/beekits.com.br\/atual\/wp-json\/wp\/v2\/users\/1"}],"replies":[{"embeddable":true,"href":"https:\/\/beekits.com.br\/atual\/wp-json\/wp\/v2\/comments?post=600"}],"version-history":[{"count":1,"href":"https:\/\/beekits.com.br\/atual\/wp-json\/wp\/v2\/posts\/600\/revisions"}],"predecessor-version":[{"id":603,"href":"https:\/\/beekits.com.br\/atual\/wp-json\/wp\/v2\/posts\/600\/revisions\/603"}],"wp:featuredmedia":[{"embeddable":true,"href":"https:\/\/beekits.com.br\/atual\/wp-json\/wp\/v2\/media\/602"}],"wp:attachment":[{"href":"https:\/\/beekits.com.br\/atual\/wp-json\/wp\/v2\/media?parent=600"}],"wp:term":[{"taxonomy":"category","embeddable":true,"href":"https:\/\/beekits.com.br\/atual\/wp-json\/wp\/v2\/categories?post=600"},{"taxonomy":"post_tag","embeddable":true,"href":"https:\/\/beekits.com.br\/atual\/wp-json\/wp\/v2\/tags?post=600"}],"curies":[{"name":"wp","href":"https:\/\/api.w.org\/{rel}","templated":true}]}}